{"id":2492,"date":"2020-05-25T00:54:52","date_gmt":"2020-05-24T22:54:52","guid":{"rendered":"http:\/\/www.irenis.fr\/videos\/?p=2492"},"modified":"2021-03-22T12:35:49","modified_gmt":"2021-03-22T11:35:49","slug":"je-de-lesprit","status":"publish","type":"post","link":"http:\/\/www.irenis.fr\/videos\/2020\/05\/25\/je-de-lesprit\/","title":{"rendered":"Je de l&rsquo;Esprit"},"content":{"rendered":"\n<hr class=\"wp-block-separator\"\/>\n\n\n\n<br>\n<a rel=\"license\" href=\"http:\/\/creativecommons.org\/licenses\/by-nc-sa\/4.0\/\"><img decoding=\"async\" alt=\"Creative Commons License\" style=\"border-width:0\" src=\"https:\/\/i.creativecommons.org\/l\/by-nc-sa\/4.0\/88x31.png\"><\/a><br>Cette \u0153uvre vid\u00e9o d&rsquo;IR\u00c9NIS est mise \u00e0 disposition selon les termes de la <a rel=\"license\" href=\"http:\/\/creativecommons.org\/licenses\/by-nc-sa\/4.0\/\">Licence Creative Commons Attribution &#8211; Pas d\u2019Utilisation Commerciale &#8211; ShareAlike 4.0 International License<\/a><br>\nMettre obligatoirement un lien vers la source originale enti\u00e8re en cas de r\u00e9utilisation. Merci.\n\n\n\n<div style=\"height:89px\" aria-hidden=\"true\" class=\"wp-block-spacer\"><\/div>\n","protected":false},"excerpt":{"rendered":"<h4>Jean-James &#038; Kevin Garreau<\/h4>\n<p class=\"big\">Documentaire r\u00e9alis\u00e9 en 2019\/2020 dans le cadre du projet de l&rsquo;association IR\u00c9NIS, \u00ab\u00a0Je de l&rsquo;Esprit, voyage au coeur d&rsquo;un changement de paradigme\u00a0\u00bb.<\/p>\n","protected":false},"author":1,"featured_media":2493,"comment_status":"open","ping_status":"open","sticky":false,"template":"","format":"video","meta":{"footnotes":""},"categories":[37,5,4],"tags":[20,25],"class_list":["post-2492","post","type-post","status-publish","format-video","has-post-thumbnail","hentry","category-individus","category-philosophie","category-sciences","tag-environnement","tag-paradigme","post_format-post-format-video"],"_links":{"self":[{"href":"http:\/\/www.irenis.fr\/videos\/wp-json\/wp\/v2\/posts\/2492","targetHints":{"allow":["GET"]}}],"collection":[{"href":"http:\/\/www.irenis.fr\/videos\/wp-json\/wp\/v2\/posts"}],"about":[{"href":"http:\/\/www.irenis.fr\/videos\/wp-json\/wp\/v2\/types\/post"}],"author":[{"embeddable":true,"href":"http:\/\/www.irenis.fr\/videos\/wp-json\/wp\/v2\/users\/1"}],"replies":[{"embeddable":true,"href":"http:\/\/www.irenis.fr\/videos\/wp-json\/wp\/v2\/comments?post=2492"}],"version-history":[{"count":8,"href":"http:\/\/www.irenis.fr\/videos\/wp-json\/wp\/v2\/posts\/2492\/revisions"}],"predecessor-version":[{"id":2557,"href":"http:\/\/www.irenis.fr\/videos\/wp-json\/wp\/v2\/posts\/2492\/revisions\/2557"}],"wp:featuredmedia":[{"embeddable":true,"href":"http:\/\/www.irenis.fr\/videos\/wp-json\/wp\/v2\/media\/2493"}],"wp:attachment":[{"href":"http:\/\/www.irenis.fr\/videos\/wp-json\/wp\/v2\/media?parent=2492"}],"wp:term":[{"taxonomy":"category","embeddable":true,"href":"http:\/\/www.irenis.fr\/videos\/wp-json\/wp\/v2\/categories?post=2492"},{"taxonomy":"post_tag","embeddable":true,"href":"http:\/\/www.irenis.fr\/videos\/wp-json\/wp\/v2\/tags?post=2492"}],"curies":[{"name":"wp","href":"https:\/\/api.w.org\/{rel}","templated":true}]}}